{"id":1992,"date":"2017-12-02T00:01:26","date_gmt":"2017-12-01T23:01:26","guid":{"rendered":"http:\/\/malousgardenrooms.se\/?p=1992"},"modified":"2017-12-02T00:16:38","modified_gmt":"2017-12-01T23:16:38","slug":"adventskalender-lucka-tva","status":"publish","type":"post","link":"https:\/\/malousgardenrooms.se\/?p=1992","title":{"rendered":"Adventskalender, lucka tv\u00e5"},"content":{"rendered":"\t\t<div data-elementor-type=\"wp-post\" data-elementor-id=\"1992\" class=\"elementor elementor-1992 elementor-bc-flex-widget\">\n\t\t\t\t\t\t<section class=\"has_eae_slider elementor-section elementor-top-section elementor-element elementor-element-y8max4o elementor-section-boxed elementor-section-height-default elementor-section-height-default\" data-eae-slider=\"61888\" data-id=\"y8max4o\" data-element_type=\"section\" data-e-type=\"section\">\n\t\t\t\t\t\t<div class=\"elementor-container elementor-column-gap-default\">\n\t\t\t\t\t<div class=\"has_eae_slider elementor-column elementor-col-100 elementor-top-column elementor-element elementor-element-bn3ap6e\" data-eae-slider=\"63227\" data-id=\"bn3ap6e\" data-element_type=\"column\" data-e-type=\"column\">\n\t\t\t<div class=\"elementor-widget-wrap elementor-element-populated\">\n\t\t\t\t\t\t<div class=\"elementor-element elementor-element-31a6aq2 elementor-widget elementor-widget-text-editor\" data-id=\"31a6aq2\" data-element_type=\"widget\" data-e-type=\"widget\" data-widget_type=\"text-editor.default\">\n\t\t\t\t<div class=\"elementor-widget-container\">\n\t\t\t\t\t\t\t\t\t<p>God morgon denna h\u00e4rliga l\u00f6rdag. Dags att kika p\u00e5 vad som d\u00f6ljer sig bakom lucka tv\u00e5.<\/p>\t\t\t\t\t\t\t\t<\/div>\n\t\t\t\t<\/div>\n\t\t\t\t\t<\/div>\n\t\t<\/div>\n\t\t\t\t\t<\/div>\n\t\t<\/section>\n\t\t\t\t<section class=\"has_eae_slider elementor-section elementor-top-section elementor-element elementor-element-d5zl1c7 elementor-section-boxed elementor-section-height-default elementor-section-height-default\" data-eae-slider=\"46810\" data-id=\"d5zl1c7\" data-element_type=\"section\" data-e-type=\"section\">\n\t\t\t\t\t\t<div class=\"elementor-container elementor-column-gap-default\">\n\t\t\t\t\t<div class=\"has_eae_slider elementor-column elementor-col-100 elementor-top-column elementor-element elementor-element-6ur16l7\" data-eae-slider=\"54890\" data-id=\"6ur16l7\" data-element_type=\"column\" data-e-type=\"column\">\n\t\t\t<div class=\"elementor-widget-wrap elementor-element-populated\">\n\t\t\t\t\t\t<div class=\"elementor-element elementor-element-31whstm elementor-widget elementor-widget-image\" data-id=\"31whstm\" data-element_type=\"widget\" data-e-type=\"widget\" data-widget_type=\"image.default\">\n\t\t\t\t<div class=\"elementor-widget-container\">\n\t\t\t\t\t\t\t\t\t\t\t\t\t\t\t<img fetchpriority=\"high\" decoding=\"async\" width=\"1024\" height=\"683\" src=\"https:\/\/malousgardenrooms.se\/wp-content\/uploads\/2017\/06\/Geertrud-1024x683.jpg\" class=\"attachment-large size-large wp-image-1364\" alt=\"\" srcset=\"https:\/\/malousgardenrooms.se\/wp-content\/uploads\/2017\/06\/Geertrud-1024x683.jpg 1024w, https:\/\/malousgardenrooms.se\/wp-content\/uploads\/2017\/06\/Geertrud-300x200.jpg 300w, https:\/\/malousgardenrooms.se\/wp-content\/uploads\/2017\/06\/Geertrud-768x512.jpg 768w, https:\/\/malousgardenrooms.se\/wp-content\/uploads\/2017\/06\/Geertrud-830x553.jpg 830w, https:\/\/malousgardenrooms.se\/wp-content\/uploads\/2017\/06\/Geertrud-230x153.jpg 230w, https:\/\/malousgardenrooms.se\/wp-content\/uploads\/2017\/06\/Geertrud-350x233.jpg 350w, https:\/\/malousgardenrooms.se\/wp-content\/uploads\/2017\/06\/Geertrud-480x320.jpg 480w\" sizes=\"(max-width: 1024px) 100vw, 1024px\" \/>\t\t\t\t\t\t\t\t\t\t\t\t\t\t\t<\/div>\n\t\t\t\t<\/div>\n\t\t\t\t\t<\/div>\n\t\t<\/div>\n\t\t\t\t\t<\/div>\n\t\t<\/section>\n\t\t\t\t<section class=\"has_eae_slider elementor-section elementor-top-section elementor-element elementor-element-t8dj9f8 elementor-section-boxed elementor-section-height-default elementor-section-height-default\" data-eae-slider=\"89228\" data-id=\"t8dj9f8\" data-element_type=\"section\" data-e-type=\"section\">\n\t\t\t\t\t\t<div class=\"elementor-container elementor-column-gap-default\">\n\t\t\t\t\t<div class=\"has_eae_slider elementor-column elementor-col-100 elementor-top-column elementor-element elementor-element-d63ojaz\" data-eae-slider=\"50064\" data-id=\"d63ojaz\" data-element_type=\"column\" data-e-type=\"column\">\n\t\t\t<div class=\"elementor-widget-wrap elementor-element-populated\">\n\t\t\t\t\t\t<div class=\"elementor-element elementor-element-xd18v35 elementor-widget elementor-widget-text-editor\" data-id=\"xd18v35\" data-element_type=\"widget\" data-e-type=\"widget\" data-widget_type=\"text-editor.default\">\n\t\t\t\t<div class=\"elementor-widget-container\">\n\t\t\t\t\t\t\t\t\t<p>Lucka 2: Andra december. Dagens ros \u00e4r en Gertrude Jekyll. Det \u00e4r en rosa f\u00e4rgbomb som har en helt fantastisk doft, precis som de gammaldags rosorna. Det \u00e4r en kraftigt v\u00e4xande ros och buskarna blir normalt 1,2-1,4 meter h\u00f6ga h\u00e4r i Sverige.<\/p><p>Den kommer framf\u00f6r allt till sin r\u00e4tt om den planteras i grupper om 3-5 rosor och den g\u00e5r bra att odla upp till zon 4. Gertrude Jekyll \u00e4r en s\u00e5 kallad Austinros som lanserades 1986 och den \u00e4r uppkallad efter en engelsk f\u00f6rfattarinna och tr\u00e4dg\u00e5rdsanl\u00e4ggare.<\/p><p>Det h\u00e4r \u00e4r en viktig dag f\u00f6r mig som journalist. Den h\u00e4r dagen 1786 f\u00e5r Sverige v\u00e4rldens f\u00f6rsta tryckfrihetsf\u00f6rordning och det \u00e4r n\u00e5got vi verkligen ska vara stolta \u00f6ver och g\u00f6ra allt f\u00f6r att skydda och bevara.<\/p><p>N\u00e4mnas kan ocks\u00e5 att det i dag \u00e4r 24 \u00e5r sedan Pehr G Gyllenhammar tvingades avg\u00e5 som VD f\u00f6r Volvo efter den fiaskoartade Renaultaff\u00e4ren.<\/p><p>Beata och Beatrice har namnsdag.<\/p>\t\t\t\t\t\t\t\t<\/div>\n\t\t\t\t<\/div>\n\t\t\t\t\t<\/div>\n\t\t<\/div>\n\t\t\t\t\t<\/div>\n\t\t<\/section>\n\t\t\t\t<\/div>\n\t\t","protected":false},"excerpt":{"rendered":"<p>God morgon denna h\u00e4rliga l\u00f6rdag. Dags att kika p\u00e5 vad som d\u00f6ljer sig bakom lucka tv\u00e5. Lucka 2: Andra december. Dagens ros [&hellip;]<\/p>\n","protected":false},"author":1,"featured_media":0,"comment_status":"open","ping_status":"closed","sticky":false,"template":"","format":"standard","meta":{"footnotes":""},"categories":[5],"tags":[],"class_list":["post-1992","post","type-post","status-publish","format-standard","hentry","category-rosor"],"_links":{"self":[{"href":"https:\/\/malousgardenrooms.se\/index.php?rest_route=\/wp\/v2\/posts\/1992","targetHints":{"allow":["GET"]}}],"collection":[{"href":"https:\/\/malousgardenrooms.se\/index.php?rest_route=\/wp\/v2\/posts"}],"about":[{"href":"https:\/\/malousgardenrooms.se\/index.php?rest_route=\/wp\/v2\/types\/post"}],"author":[{"embeddable":true,"href":"https:\/\/malousgardenrooms.se\/index.php?rest_route=\/wp\/v2\/users\/1"}],"replies":[{"embeddable":true,"href":"https:\/\/malousgardenrooms.se\/index.php?rest_route=%2Fwp%2Fv2%2Fcomments&post=1992"}],"version-history":[{"count":7,"href":"https:\/\/malousgardenrooms.se\/index.php?rest_route=\/wp\/v2\/posts\/1992\/revisions"}],"predecessor-version":[{"id":1999,"href":"https:\/\/malousgardenrooms.se\/index.php?rest_route=\/wp\/v2\/posts\/1992\/revisions\/1999"}],"wp:attachment":[{"href":"https:\/\/malousgardenrooms.se\/index.php?rest_route=%2Fwp%2Fv2%2Fmedia&parent=1992"}],"wp:term":[{"taxonomy":"category","embeddable":true,"href":"https:\/\/malousgardenrooms.se\/index.php?rest_route=%2Fwp%2Fv2%2Fcategories&post=1992"},{"taxonomy":"post_tag","embeddable":true,"href":"https:\/\/malousgardenrooms.se\/index.php?rest_route=%2Fwp%2Fv2%2Ftags&post=1992"}],"curies":[{"name":"wp","href":"https:\/\/api.w.org\/{rel}","templated":true}]}}