{"id":27290,"date":"2023-02-03T07:18:51","date_gmt":"2023-02-03T06:18:51","guid":{"rendered":"https:\/\/malousgardenrooms.se\/?p=27290"},"modified":"2023-02-03T07:30:41","modified_gmt":"2023-02-03T06:30:41","slug":"dagens-blomma-95","status":"publish","type":"post","link":"https:\/\/malousgardenrooms.se\/?p=27290","title":{"rendered":"Dagens blomma 95"},"content":{"rendered":"\t\t<div data-elementor-type=\"wp-post\" data-elementor-id=\"27290\" class=\"elementor elementor-27290\">\n\t\t\t\t\t\t<section class=\"has_eae_slider elementor-section elementor-top-section elementor-element elementor-element-bbe3962 elementor-section-boxed elementor-section-height-default elementor-section-height-default\" data-eae-slider=\"902\" data-id=\"bbe3962\" data-element_type=\"section\" data-e-type=\"section\">\n\t\t\t\t\t\t<div class=\"elementor-container elementor-column-gap-default\">\n\t\t\t\t\t<div class=\"has_eae_slider elementor-column elementor-col-100 elementor-top-column elementor-element elementor-element-2102545\" data-eae-slider=\"93892\" data-id=\"2102545\" data-element_type=\"column\" data-e-type=\"column\">\n\t\t\t<div class=\"elementor-widget-wrap elementor-element-populated\">\n\t\t\t\t\t\t<div class=\"elementor-element elementor-element-3d2abb7 elementor-widget elementor-widget-image\" data-id=\"3d2abb7\" data-element_type=\"widget\" data-e-type=\"widget\" data-widget_type=\"image.default\">\n\t\t\t\t<div class=\"elementor-widget-container\">\n\t\t\t\t\t\t\t\t\t\t\t\t\t\t\t<img fetchpriority=\"high\" decoding=\"async\" width=\"1024\" height=\"680\" src=\"https:\/\/malousgardenrooms.se\/wp-content\/uploads\/2017\/04\/Alliumint01-1024x680.jpg\" class=\"attachment-large size-large wp-image-1011\" alt=\"\" srcset=\"https:\/\/malousgardenrooms.se\/wp-content\/uploads\/2017\/04\/Alliumint01-1024x680.jpg 1024w, https:\/\/malousgardenrooms.se\/wp-content\/uploads\/2017\/04\/Alliumint01-300x199.jpg 300w, https:\/\/malousgardenrooms.se\/wp-content\/uploads\/2017\/04\/Alliumint01-768x510.jpg 768w, https:\/\/malousgardenrooms.se\/wp-content\/uploads\/2017\/04\/Alliumint01-830x551.jpg 830w, https:\/\/malousgardenrooms.se\/wp-content\/uploads\/2017\/04\/Alliumint01-230x153.jpg 230w, https:\/\/malousgardenrooms.se\/wp-content\/uploads\/2017\/04\/Alliumint01-350x232.jpg 350w, https:\/\/malousgardenrooms.se\/wp-content\/uploads\/2017\/04\/Alliumint01-480x319.jpg 480w\" sizes=\"(max-width: 1024px) 100vw, 1024px\" \/>\t\t\t\t\t\t\t\t\t\t\t\t\t\t\t<\/div>\n\t\t\t\t<\/div>\n\t\t\t\t<div class=\"elementor-element elementor-element-233762a elementor-widget elementor-widget-text-editor\" data-id=\"233762a\" data-element_type=\"widget\" data-e-type=\"widget\" data-widget_type=\"text-editor.default\">\n\t\t\t\t<div class=\"elementor-widget-container\">\n\t\t\t\t\t\t\t\t\t<p>God morgon! Allium \u00e4r dagens blomma h\u00e4r p\u00e5 hemsidan. Denna bollformade vackra blomma, b\u00e5de lila och vita, brukar vi ha flera exemplar av i k\u00f6kstr\u00e4dg\u00e5rden och dubbelrabatten. Den \u00e4r lika v\u00e4lkommen varje \u00e5r n\u00e4r den b\u00f6rjar blomma i juni.<\/p><p>Vintern i form av ymnigt sn\u00f6fall har \u00e5terkommit till Sj\u00f6rr\u00f6d. N\u00e4r jag tittade ut genom f\u00f6nstret s\u00e5g jag att det var vitt p\u00e5 marken. Arbroristerna som vi hade h\u00e4r i g\u00e5r f\u00f6r att besk\u00e4ra den stora dubbeleken visste vad de gjorde n\u00e4r de s\u00e5g till att bli klara med jobbet under torsdagen. Hoppas nu att det b\u00f6rjar regna s\u00e5 att man slipper skotta&#8230;<\/p><p>Den tredje februari anlitar Beatles Allen Klein f\u00f6r att sk\u00f6ta deras aff\u00e4rer. Det sker mot Paul McCartneys vilja. Klein sk\u00f6tte sedan tidigare Rolling Stones aff\u00e4rer (som senare visade sig bli en katastrof f\u00f6r bandet) och det var Mick Jagger som rekommenderade honom.<\/p><p>Den h\u00e4r februariveckan f\u00f6r 51 \u00e5r sedan ligger Fleetwood Mac etta p\u00e5 brittiska topplistan (det var innan tv\u00e5 brudar kom in i bilden och f\u00f6rvandlade gruppen till ett m\u00e4h\u00e4-band). I USA toppar Tommy James &amp; The Shondells med &#8221;Crimson and Clover&#8221;.<\/p>\t\t\t\t\t\t\t\t<\/div>\n\t\t\t\t<\/div>\n\t\t\t\t\t<\/div>\n\t\t<\/div>\n\t\t\t\t\t<\/div>\n\t\t<\/section>\n\t\t\t\t<\/div>\n\t\t","protected":false},"excerpt":{"rendered":"<p>God morgon! Allium \u00e4r dagens blomma h\u00e4r p\u00e5 hemsidan. Denna bollformade vackra blomma, b\u00e5de lila och vita, brukar vi ha flera exemplar [&hellip;]<\/p>\n","protected":false},"author":1,"featured_media":0,"comment_status":"open","ping_status":"closed","sticky":false,"template":"","format":"standard","meta":{"footnotes":""},"categories":[1],"tags":[],"class_list":["post-27290","post","type-post","status-publish","format-standard","hentry","category-okategoriserade"],"_links":{"self":[{"href":"https:\/\/malousgardenrooms.se\/index.php?rest_route=\/wp\/v2\/posts\/27290","targetHints":{"allow":["GET"]}}],"collection":[{"href":"https:\/\/malousgardenrooms.se\/index.php?rest_route=\/wp\/v2\/posts"}],"about":[{"href":"https:\/\/malousgardenrooms.se\/index.php?rest_route=\/wp\/v2\/types\/post"}],"author":[{"embeddable":true,"href":"https:\/\/malousgardenrooms.se\/index.php?rest_route=\/wp\/v2\/users\/1"}],"replies":[{"embeddable":true,"href":"https:\/\/malousgardenrooms.se\/index.php?rest_route=%2Fwp%2Fv2%2Fcomments&post=27290"}],"version-history":[{"count":10,"href":"https:\/\/malousgardenrooms.se\/index.php?rest_route=\/wp\/v2\/posts\/27290\/revisions"}],"predecessor-version":[{"id":27300,"href":"https:\/\/malousgardenrooms.se\/index.php?rest_route=\/wp\/v2\/posts\/27290\/revisions\/27300"}],"wp:attachment":[{"href":"https:\/\/malousgardenrooms.se\/index.php?rest_route=%2Fwp%2Fv2%2Fmedia&parent=27290"}],"wp:term":[{"taxonomy":"category","embeddable":true,"href":"https:\/\/malousgardenrooms.se\/index.php?rest_route=%2Fwp%2Fv2%2Fcategories&post=27290"},{"taxonomy":"post_tag","embeddable":true,"href":"https:\/\/malousgardenrooms.se\/index.php?rest_route=%2Fwp%2Fv2%2Ftags&post=27290"}],"curies":[{"name":"wp","href":"https:\/\/api.w.org\/{rel}","templated":true}]}}