{"id":4524,"date":"2019-09-24T16:36:27","date_gmt":"2019-09-24T14:36:27","guid":{"rendered":"http:\/\/malousgardenrooms.se\/?p=4524"},"modified":"2019-09-24T16:44:12","modified_gmt":"2019-09-24T14:44:12","slug":"delad-tradgard-for-husfridens-skull","status":"publish","type":"post","link":"https:\/\/malousgardenrooms.se\/?p=4524","title":{"rendered":"Delad tr\u00e4dg\u00e5rd f\u00f6r husfridens skull."},"content":{"rendered":"\t\t<div data-elementor-type=\"wp-post\" data-elementor-id=\"4524\" class=\"elementor elementor-4524 elementor-bc-flex-widget\">\n\t\t\t\t\t\t<section class=\"has_eae_slider elementor-section elementor-top-section elementor-element elementor-element-ve5xyqe elementor-section-boxed elementor-section-height-default elementor-section-height-default\" data-eae-slider=\"43378\" data-id=\"ve5xyqe\" data-element_type=\"section\" data-e-type=\"section\">\n\t\t\t\t\t\t<div class=\"elementor-container elementor-column-gap-default\">\n\t\t\t\t\t<div class=\"has_eae_slider elementor-column elementor-col-100 elementor-top-column elementor-element elementor-element-pwngchr\" data-eae-slider=\"5965\" data-id=\"pwngchr\" data-element_type=\"column\" data-e-type=\"column\">\n\t\t\t<div class=\"elementor-widget-wrap elementor-element-populated\">\n\t\t\t\t\t\t<div class=\"elementor-element elementor-element-hwg7hsb elementor-widget elementor-widget-text-editor\" data-id=\"hwg7hsb\" data-element_type=\"widget\" data-e-type=\"widget\" data-widget_type=\"text-editor.default\">\n\t\t\t\t<div class=\"elementor-widget-container\">\n\t\t\t\t\t\t\t\t\t<p>Missade ni Per-Olas reportage i Allers f\u00f6rra veckan om \u00e4kta paret Vibeke och Kurt i danska Herning som delade upp tr\u00e4dg\u00e5rden f\u00f6r husfridens skull? H\u00e4r hara ni en ny chans att l\u00e4sa det, eller varf\u00f6r inte p\u00e5 www.allas.se.<\/p><p>B\u00e5da makarna har f\u00e5tt sin pl\u00e4tt som de vill ha den och \u00e4ktenskapet och tr\u00e4dg\u00e5rden (\u00e5tminstone vissa delar av den blomstrar). Bilderna har tagits av den duktige fotografen Stefan Lindblom p\u00e5 Helsingborgsbild som Per-Ola regelbundet arbetar tillsammans med.<\/p>\t\t\t\t\t\t\t\t<\/div>\n\t\t\t\t<\/div>\n\t\t\t\t<div class=\"elementor-element elementor-element-4clal7z elementor-widget elementor-widget-image\" data-id=\"4clal7z\" data-element_type=\"widget\" data-e-type=\"widget\" data-widget_type=\"image.default\">\n\t\t\t\t<div class=\"elementor-widget-container\">\n\t\t\t\t\t\t\t\t\t\t\t\t\t\t\t<img fetchpriority=\"high\" decoding=\"async\" width=\"1024\" height=\"768\" src=\"https:\/\/malousgardenrooms.se\/wp-content\/uploads\/2019\/09\/Drep4-1024x768.jpg\" class=\"attachment-large size-large wp-image-4527\" alt=\"\" srcset=\"https:\/\/malousgardenrooms.se\/wp-content\/uploads\/2019\/09\/Drep4-1024x768.jpg 1024w, https:\/\/malousgardenrooms.se\/wp-content\/uploads\/2019\/09\/Drep4-300x225.jpg 300w, https:\/\/malousgardenrooms.se\/wp-content\/uploads\/2019\/09\/Drep4-768x576.jpg 768w, https:\/\/malousgardenrooms.se\/wp-content\/uploads\/2019\/09\/Drep4-830x623.jpg 830w, https:\/\/malousgardenrooms.se\/wp-content\/uploads\/2019\/09\/Drep4-230x173.jpg 230w, https:\/\/malousgardenrooms.se\/wp-content\/uploads\/2019\/09\/Drep4-350x263.jpg 350w, https:\/\/malousgardenrooms.se\/wp-content\/uploads\/2019\/09\/Drep4-480x360.jpg 480w, https:\/\/malousgardenrooms.se\/wp-content\/uploads\/2019\/09\/Drep4.jpg 1280w\" sizes=\"(max-width: 1024px) 100vw, 1024px\" \/>\t\t\t\t\t\t\t\t\t\t\t\t\t\t\t<\/div>\n\t\t\t\t<\/div>\n\t\t\t\t\t<\/div>\n\t\t<\/div>\n\t\t\t\t\t<\/div>\n\t\t<\/section>\n\t\t\t\t<section class=\"has_eae_slider elementor-section elementor-top-section elementor-element elementor-element-dv6m62d elementor-section-boxed elementor-section-height-default elementor-section-height-default\" data-eae-slider=\"28159\" data-id=\"dv6m62d\" data-element_type=\"section\" data-e-type=\"section\">\n\t\t\t\t\t\t<div class=\"elementor-container elementor-column-gap-default\">\n\t\t\t\t\t<div class=\"has_eae_slider elementor-column elementor-col-100 elementor-top-column elementor-element elementor-element-usdqmta\" data-eae-slider=\"40155\" data-id=\"usdqmta\" data-element_type=\"column\" data-e-type=\"column\">\n\t\t\t<div class=\"elementor-widget-wrap elementor-element-populated\">\n\t\t\t\t\t\t<div class=\"elementor-element elementor-element-6kwjt26 elementor-widget elementor-widget-image\" data-id=\"6kwjt26\" data-element_type=\"widget\" data-e-type=\"widget\" data-widget_type=\"image.default\">\n\t\t\t\t<div class=\"elementor-widget-container\">\n\t\t\t\t\t\t\t\t\t\t\t\t\t\t\t<img decoding=\"async\" width=\"1024\" height=\"768\" src=\"https:\/\/malousgardenrooms.se\/wp-content\/uploads\/2019\/09\/Drep3-1024x768.jpg\" class=\"attachment-large size-large wp-image-4526\" alt=\"\" srcset=\"https:\/\/malousgardenrooms.se\/wp-content\/uploads\/2019\/09\/Drep3-1024x768.jpg 1024w, https:\/\/malousgardenrooms.se\/wp-content\/uploads\/2019\/09\/Drep3-300x225.jpg 300w, https:\/\/malousgardenrooms.se\/wp-content\/uploads\/2019\/09\/Drep3-768x576.jpg 768w, https:\/\/malousgardenrooms.se\/wp-content\/uploads\/2019\/09\/Drep3-830x623.jpg 830w, https:\/\/malousgardenrooms.se\/wp-content\/uploads\/2019\/09\/Drep3-230x173.jpg 230w, https:\/\/malousgardenrooms.se\/wp-content\/uploads\/2019\/09\/Drep3-350x263.jpg 350w, https:\/\/malousgardenrooms.se\/wp-content\/uploads\/2019\/09\/Drep3-480x360.jpg 480w, https:\/\/malousgardenrooms.se\/wp-content\/uploads\/2019\/09\/Drep3.jpg 1280w\" sizes=\"(max-width: 1024px) 100vw, 1024px\" \/>\t\t\t\t\t\t\t\t\t\t\t\t\t\t\t<\/div>\n\t\t\t\t<\/div>\n\t\t\t\t\t<\/div>\n\t\t<\/div>\n\t\t\t\t\t<\/div>\n\t\t<\/section>\n\t\t\t\t<\/div>\n\t\t","protected":false},"excerpt":{"rendered":"<p>Missade ni Per-Olas reportage i Allers f\u00f6rra veckan om \u00e4kta paret Vibeke och Kurt i danska Herning som delade upp tr\u00e4dg\u00e5rden f\u00f6r [&hellip;]<\/p>\n","protected":false},"author":1,"featured_media":0,"comment_status":"open","ping_status":"closed","sticky":false,"template":"","format":"standard","meta":{"footnotes":""},"categories":[1],"tags":[],"class_list":["post-4524","post","type-post","status-publish","format-standard","hentry","category-okategoriserade"],"_links":{"self":[{"href":"https:\/\/malousgardenrooms.se\/index.php?rest_route=\/wp\/v2\/posts\/4524","targetHints":{"allow":["GET"]}}],"collection":[{"href":"https:\/\/malousgardenrooms.se\/index.php?rest_route=\/wp\/v2\/posts"}],"about":[{"href":"https:\/\/malousgardenrooms.se\/index.php?rest_route=\/wp\/v2\/types\/post"}],"author":[{"embeddable":true,"href":"https:\/\/malousgardenrooms.se\/index.php?rest_route=\/wp\/v2\/users\/1"}],"replies":[{"embeddable":true,"href":"https:\/\/malousgardenrooms.se\/index.php?rest_route=%2Fwp%2Fv2%2Fcomments&post=4524"}],"version-history":[{"count":4,"href":"https:\/\/malousgardenrooms.se\/index.php?rest_route=\/wp\/v2\/posts\/4524\/revisions"}],"predecessor-version":[{"id":4530,"href":"https:\/\/malousgardenrooms.se\/index.php?rest_route=\/wp\/v2\/posts\/4524\/revisions\/4530"}],"wp:attachment":[{"href":"https:\/\/malousgardenrooms.se\/index.php?rest_route=%2Fwp%2Fv2%2Fmedia&parent=4524"}],"wp:term":[{"taxonomy":"category","embeddable":true,"href":"https:\/\/malousgardenrooms.se\/index.php?rest_route=%2Fwp%2Fv2%2Fcategories&post=4524"},{"taxonomy":"post_tag","embeddable":true,"href":"https:\/\/malousgardenrooms.se\/index.php?rest_route=%2Fwp%2Fv2%2Ftags&post=4524"}],"curies":[{"name":"wp","href":"https:\/\/api.w.org\/{rel}","templated":true}]}}