{"id":5867,"date":"2019-12-09T10:05:31","date_gmt":"2019-12-09T09:05:31","guid":{"rendered":"http:\/\/malousgardenrooms.se\/?p=5867"},"modified":"2019-12-09T10:15:17","modified_gmt":"2019-12-09T09:15:17","slug":"forts-pa-jularrangemang","status":"publish","type":"post","link":"https:\/\/malousgardenrooms.se\/?p=5867","title":{"rendered":"forts. p\u00e5 Jularrangemang"},"content":{"rendered":"\t\t<div data-elementor-type=\"wp-post\" data-elementor-id=\"5867\" class=\"elementor elementor-5867\">\n\t\t\t\t\t\t<section class=\"has_eae_slider elementor-section elementor-top-section elementor-element elementor-element-52c335b elementor-section-boxed elementor-section-height-default elementor-section-height-default\" data-eae-slider=\"52426\" data-id=\"52c335b\" data-element_type=\"section\" data-e-type=\"section\">\n\t\t\t\t\t\t<div class=\"elementor-container elementor-column-gap-default\">\n\t\t\t\t\t<div class=\"has_eae_slider elementor-column elementor-col-100 elementor-top-column elementor-element elementor-element-ab8c49a\" data-eae-slider=\"25400\" data-id=\"ab8c49a\" data-element_type=\"column\" data-e-type=\"column\">\n\t\t\t<div class=\"elementor-widget-wrap elementor-element-populated\">\n\t\t\t\t\t\t<div class=\"elementor-element elementor-element-23f6a08 elementor-widget elementor-widget-image\" data-id=\"23f6a08\" data-element_type=\"widget\" data-e-type=\"widget\" data-widget_type=\"image.default\">\n\t\t\t\t<div class=\"elementor-widget-container\">\n\t\t\t\t\t\t\t\t\t\t\t\t\t\t\t<img fetchpriority=\"high\" decoding=\"async\" width=\"768\" height=\"1024\" src=\"https:\/\/malousgardenrooms.se\/wp-content\/uploads\/2019\/12\/egengjord-gran-768x1024.jpg\" class=\"attachment-large size-large wp-image-5869\" alt=\"\" srcset=\"https:\/\/malousgardenrooms.se\/wp-content\/uploads\/2019\/12\/egengjord-gran-768x1024.jpg 768w, https:\/\/malousgardenrooms.se\/wp-content\/uploads\/2019\/12\/egengjord-gran-225x300.jpg 225w, https:\/\/malousgardenrooms.se\/wp-content\/uploads\/2019\/12\/egengjord-gran-830x1107.jpg 830w, https:\/\/malousgardenrooms.se\/wp-content\/uploads\/2019\/12\/egengjord-gran-230x307.jpg 230w, https:\/\/malousgardenrooms.se\/wp-content\/uploads\/2019\/12\/egengjord-gran-350x467.jpg 350w, https:\/\/malousgardenrooms.se\/wp-content\/uploads\/2019\/12\/egengjord-gran-480x640.jpg 480w, https:\/\/malousgardenrooms.se\/wp-content\/uploads\/2019\/12\/egengjord-gran.jpg 960w\" sizes=\"(max-width: 768px) 100vw, 768px\" \/>\t\t\t\t\t\t\t\t\t\t\t\t\t\t\t<\/div>\n\t\t\t\t<\/div>\n\t\t\t\t\t<\/div>\n\t\t<\/div>\n\t\t\t\t\t<\/div>\n\t\t<\/section>\n\t\t\t\t<section class=\"has_eae_slider elementor-section elementor-top-section elementor-element elementor-element-1fcc113 elementor-section-boxed elementor-section-height-default elementor-section-height-default\" data-eae-slider=\"21949\" data-id=\"1fcc113\" data-element_type=\"section\" data-e-type=\"section\">\n\t\t\t\t\t\t<div class=\"elementor-container elementor-column-gap-default\">\n\t\t\t\t\t<div class=\"has_eae_slider elementor-column elementor-col-100 elementor-top-column elementor-element elementor-element-cbe1b5e\" data-eae-slider=\"54938\" data-id=\"cbe1b5e\" data-element_type=\"column\" data-e-type=\"column\">\n\t\t\t<div class=\"elementor-widget-wrap elementor-element-populated\">\n\t\t\t\t\t\t<div class=\"elementor-element elementor-element-9d08fa9 elementor-widget elementor-widget-text-editor\" data-id=\"9d08fa9\" data-element_type=\"widget\" data-e-type=\"widget\" data-widget_type=\"text-editor.default\">\n\t\t\t\t<div class=\"elementor-widget-container\">\n\t\t\t\t\t\t\t\t\t<p>Som jag s\u00e4kert har skrivit tidigare s\u00e5 har jag flyttat ut min lilla pysselverkstad till garaget. D\u00e4r har jag tagit upp en stor del med en hel del v\u00e4xter som ska vinterf\u00f6rvaras och jag har en massa mossa och granris, hyacinter och amaryllis l\u00f6kar. Perfekt att plocka in n\u00e4r hyacinterna eller amaryllisarna \u00e4r \u00f6verblommade.\u00a0 N\u00e4r jag har lite tid st\u00e5r jag d\u00e4r ute och pysslar med mina olika arrangemang. I helgen gjorde jag en egengjord gran som blev ganska charmig, syns kanske inte p\u00e5 bilden s\u00e5 bra men jag blev n\u00f6jd. Har byggt en stomme till en av tv\u00e5 tomtar som jag ska ha i tr\u00e4dg\u00e5rden\u00a0 nere vid v\u00e4gen med en sk\u00e5l med risgr\u00f6t \ud83d\ude42 Allts\u00e5 ingen riktig gr\u00f6t f\u00f6r den \u00e4ts upp av kajorna och skatorna direkt.<\/p>\t\t\t\t\t\t\t\t<\/div>\n\t\t\t\t<\/div>\n\t\t\t\t\t<\/div>\n\t\t<\/div>\n\t\t\t\t\t<\/div>\n\t\t<\/section>\n\t\t\t\t<\/div>\n\t\t","protected":false},"excerpt":{"rendered":"<p>Som jag s\u00e4kert har skrivit tidigare s\u00e5 har jag flyttat ut min lilla pysselverkstad till garaget. D\u00e4r har jag tagit upp en [&hellip;]<\/p>\n","protected":false},"author":1,"featured_media":0,"comment_status":"open","ping_status":"closed","sticky":false,"template":"","format":"standard","meta":{"footnotes":""},"categories":[1],"tags":[],"class_list":["post-5867","post","type-post","status-publish","format-standard","hentry","category-okategoriserade"],"_links":{"self":[{"href":"https:\/\/malousgardenrooms.se\/index.php?rest_route=\/wp\/v2\/posts\/5867","targetHints":{"allow":["GET"]}}],"collection":[{"href":"https:\/\/malousgardenrooms.se\/index.php?rest_route=\/wp\/v2\/posts"}],"about":[{"href":"https:\/\/malousgardenrooms.se\/index.php?rest_route=\/wp\/v2\/types\/post"}],"author":[{"embeddable":true,"href":"https:\/\/malousgardenrooms.se\/index.php?rest_route=\/wp\/v2\/users\/1"}],"replies":[{"embeddable":true,"href":"https:\/\/malousgardenrooms.se\/index.php?rest_route=%2Fwp%2Fv2%2Fcomments&post=5867"}],"version-history":[{"count":3,"href":"https:\/\/malousgardenrooms.se\/index.php?rest_route=\/wp\/v2\/posts\/5867\/revisions"}],"predecessor-version":[{"id":5871,"href":"https:\/\/malousgardenrooms.se\/index.php?rest_route=\/wp\/v2\/posts\/5867\/revisions\/5871"}],"wp:attachment":[{"href":"https:\/\/malousgardenrooms.se\/index.php?rest_route=%2Fwp%2Fv2%2Fmedia&parent=5867"}],"wp:term":[{"taxonomy":"category","embeddable":true,"href":"https:\/\/malousgardenrooms.se\/index.php?rest_route=%2Fwp%2Fv2%2Fcategories&post=5867"},{"taxonomy":"post_tag","embeddable":true,"href":"https:\/\/malousgardenrooms.se\/index.php?rest_route=%2Fwp%2Fv2%2Ftags&post=5867"}],"curies":[{"name":"wp","href":"https:\/\/api.w.org\/{rel}","templated":true}]}}